{"id":4074,"date":"2024-05-09T13:16:28","date_gmt":"2024-05-09T11:16:28","guid":{"rendered":"https:\/\/rops-opole.pl\/?p=4074"},"modified":"2024-05-09T13:19:24","modified_gmt":"2024-05-09T11:19:24","slug":"nabor-zgloszen-podmiotow-ekonomii-spolecznej-chcacych-zaprezentowac-swoja-dzialalnosc-lub-przeprowadzic-warsztaty-podczas-trwania-targow-ekonomii-spolecznej-22-23-06-2024-r-w-strzelcach-opolskich","status":"publish","type":"post","link":"https:\/\/rops-opole.pl\/?p=4074","title":{"rendered":"Nab\u00f3r zg\u0142osze\u0144 podmiot\u00f3w ekonomii spo\u0142ecznej chc\u0105cych zaprezentowa\u0107 swoj\u0105 dzia\u0142alno\u015b\u0107 lub przeprowadzi\u0107 warsztaty podczas trwania Targ\u00f3w Ekonomii Spo\u0142ecznej 22-23.06.2024 r. w Strzelcach Opolskich"},"content":{"rendered":"\n<!--more--><p>W zwi\u0105zku z organizacj\u0105 przez Regionalny O\u015brodek Polityki Spo\u0142ecznej w Opolu Targ\u00f3w Ekonomii Spo\u0142ecznej, kt\u00f3re odb\u0119d\u0105 si\u0119 w dniach <strong>22-23.06.2024<\/strong> r. terenie powiatu Strzeleckiego., informujemy, \u017ce rozpocz\u0119li\u015bmy proces naboru zg\u0142osze\u0144 podmiot\u00f3w ekonomii spo\u0142ecznej chc\u0105cych zaprezentowa\u0107 swoj\u0105 dzia\u0142alno\u015b\u0107 lub przeprowadzi\u0107 warsztaty podczas trwania w\/w imprezy.<\/p>\n<hr class=\"wp-block-separator has-alpha-channel-opacity\">\n<p>Do dyspozycji podmiot\u00f3w ekonomii spo\u0142ecznej mamy 10 stoisk wystawienniczych (10 podczas pierwszego dnia wystawienniczego tj. 22.06.2024 r. i 10 podczas drugiego dnia tj. 22.06.2024 r.).<\/p>\n<hr class=\"wp-block-separator has-alpha-channel-opacity\">\n<p>W celu zg\u0142oszenia udzia\u0142u prosz\u0119 o przes\u0142anie uzupe\u0142nionej ankiety Google znajduj\u0105cej si\u0119 pod adresem\u00a0<a class=\"extlink target-blank use-tooltip extlink target-blank use-tooltip\" href=\"https:\/\/forms.gle\/RWKwPijgFZSQeCBA7\" target=\"_blank\" rel=\"noopener noreferrer\" aria-label=\"https:\/\/forms.gle\/RWKwPijgFZSQeCBA7 (external, otworzy si\u0119 w nowym oknie)\">https:\/\/forms.gle\/RWKwPijgFZSQeCBA7<svg aria-hidden=\"true\" class=\"icon-extlink\" viewbox=\"0 0 1792 1792\"><path d=\"M1408 928v320q0 119-84.5 203.5t-203.5 84.5h-832q-119 0-203.5-84.5t-84.5-203.5v-832q0-119 84.5-203.5t203.5-84.5h704q14 0 23 9t9 23v64q0 14-9 23t-23 9h-704q-66 0-113 47t-47 113v832q0 66 47 113t113 47h832q66 0 113-47t47-113v-320q0-14 9-23t23-9h64q14 0 23 9t9 23zm384-864v512q0 26-19 45t-45 19-45-19l-176-176-652 652q-10 10-23 10t-23-10l-114-114q-10-10-10-23t10-23l652-652-176-176q-19-19-19-45t19-45 45-19h512q26 0 45 19t19 45z\"><\/path><\/svg><svg aria-hidden=\"true\" class=\"icon-new-window\" viewbox=\"0 0 1792 1792\"><path d=\"M1408 960v-128q0-26-19-45t-45-19h-320v-320q0-26-19-45t-45-19h-128q-26 0-45 19t-19 45v320h-320q-26 0-45 19t-19 45v128q0 26 19 45t45 19h320v320q0 26 19 45t45 19h128q26 0 45-19t19-45v-320h320q26 0 45-19t19-45zm256-544v960q0 119-84.5 203.5t-203.5 84.5h-960q-119 0-203.5-84.5t-84.5-203.5v-960q0-119 84.5-203.5t203.5-84.5h960q119 0 203.5 84.5t84.5 203.5z\"><\/path><\/svg><span class=\"tooltip\">external, otworzy si\u0119 w nowym oknie<\/span><\/a><\/p>\n<p>\u00a0w terminie do 31 maja 2024 r.<\/p>\n<hr class=\"wp-block-separator has-alpha-channel-opacity\">\n<p><a class=\"extlink use-tooltip extlink use-tooltip\" href=\"https:\/\/www.facebook.com\/hashtag\/funduszeue?__eep__=6&__cft__%5B0%5D=AZWMX4cnZrsqSIEdutvWjjd5RBNDFmIQpxdm6DZhWobuH9reP1uwc5QbQk1QLfceordzcmuF0ZByiVy-ULJKcMqQPTOuqXOPuiqQaG7EfyzB3opAa_MU1UzUvgGApuslmTx5767wexJApvfw4dL5-FpqspqhR_syLEL_-PNl2XBWuewffpVwl6hTkCd3ejoYhz6ANbqaRCdyOcfkXlge9bbE&__tn__=*NK-R\" aria-label=\"#FunduszeUE (external)\">#FunduszeUE<svg aria-hidden=\"true\" class=\"icon-extlink\" viewbox=\"0 0 1792 1792\"><path d=\"M1408 928v320q0 119-84.5 203.5t-203.5 84.5h-832q-119 0-203.5-84.5t-84.5-203.5v-832q0-119 84.5-203.5t203.5-84.5h704q14 0 23 9t9 23v64q0 14-9 23t-23 9h-704q-66 0-113 47t-47 113v832q0 66 47 113t113 47h832q66 0 113-47t47-113v-320q0-14 9-23t23-9h64q14 0 23 9t9 23zm384-864v512q0 26-19 45t-45 19-45-19l-176-176-652 652q-10 10-23 10t-23-10l-114-114q-10-10-10-23t10-23l652-652-176-176q-19-19-19-45t19-45 45-19h512q26 0 45 19t19 45z\"><\/path><\/svg><span class=\"tooltip\">external<\/span><\/a><\/p>\n<p>Zadanie realizowane jest w ramach projektu pn.\u00a0Opolskie Sp\u00f3jne i Aktywne Spo\u0142ecznie\u201d wsp\u00f3\u0142finansowanego ze \u015brodk\u00f3w Funduszy Europejskich dla Rozwoju Spo\u0142ecznego na lata 2021-2027, Priorytet FERS.04 Sp\u00f3jno\u015b\u0107 spo\u0142eczna i zdrowie, Dzia\u0142anie FERS.04.13 Wysokiej jako\u015bci system w\u0142\u0105czenia spo\u0142ecznego<\/p>\n\n\n<div class=\"wp-block-image\">\n<figure class=\"alignleft size-full\"><img fetchpriority=\"high\" decoding=\"async\" width=\"1884\" height=\"1352\" src=\"https:\/\/rops-opole.pl\/wp-content\/uploads\/2024\/05\/VIII-targi-1.jpg\" alt=\"Poka\u017c si\u0119 na VIII targach ekonomii spo\u0142ecznej 22-23.06.2024 r. Powiat Strzelecki\" class=\"wp-image-4075\" srcset=\"https:\/\/rops-opole.pl\/wp-content\/uploads\/2024\/05\/VIII-targi-1.jpg 1884w, https:\/\/rops-opole.pl\/wp-content\/uploads\/2024\/05\/VIII-targi-1-1536x1102.jpg 1536w, https:\/\/rops-opole.pl\/wp-content\/uploads\/2024\/05\/VIII-targi-1-825x592.jpg 825w, https:\/\/rops-opole.pl\/wp-content\/uploads\/2024\/05\/VIII-targi-1-248x178.jpg 248w\" sizes=\"(max-width: 1884px) 100vw, 1884px\"><\/figure>\n<\/div>\n","protected":false},"excerpt":{"rendered":null,"protected":false},"author":1,"featured_media":4075,"comment_status":"closed","ping_status":"closed","sticky":false,"template":"","format":"standard","meta":{"footnotes":""},"categories":[19],"tags":[],"class_list":["post-4074","post","type-post","status-publish","format-standard","has-post-thumbnail","hentry","category-aktualnosci"],"_links":{"self":[{"href":"https:\/\/rops-opole.pl\/index.php?rest_route=\/wp\/v2\/posts\/4074","targetHints":{"allow":["GET"]}}],"collection":[{"href":"https:\/\/rops-opole.pl\/index.php?rest_route=\/wp\/v2\/posts"}],"about":[{"href":"https:\/\/rops-opole.pl\/index.php?rest_route=\/wp\/v2\/types\/post"}],"author":[{"embeddable":true,"href":"https:\/\/rops-opole.pl\/index.php?rest_route=\/wp\/v2\/users\/1"}],"replies":[{"embeddable":true,"href":"https:\/\/rops-opole.pl\/index.php?rest_route=%2Fwp%2Fv2%2Fcomments&post=4074"}],"version-history":[{"count":2,"href":"https:\/\/rops-opole.pl\/index.php?rest_route=\/wp\/v2\/posts\/4074\/revisions"}],"predecessor-version":[{"id":4078,"href":"https:\/\/rops-opole.pl\/index.php?rest_route=\/wp\/v2\/posts\/4074\/revisions\/4078"}],"wp:featuredmedia":[{"embeddable":true,"href":"https:\/\/rops-opole.pl\/index.php?rest_route=\/wp\/v2\/media\/4075"}],"wp:attachment":[{"href":"https:\/\/rops-opole.pl\/index.php?rest_route=%2Fwp%2Fv2%2Fmedia&parent=4074"}],"wp:term":[{"taxonomy":"category","embeddable":true,"href":"https:\/\/rops-opole.pl\/index.php?rest_route=%2Fwp%2Fv2%2Fcategories&post=4074"},{"taxonomy":"post_tag","embeddable":true,"href":"https:\/\/rops-opole.pl\/index.php?rest_route=%2Fwp%2Fv2%2Ftags&post=4074"}],"curies":[{"name":"wp","href":"https:\/\/api.w.org\/{rel}","templated":true}]}}