{"id":3250,"date":"2023-07-31T23:26:49","date_gmt":"2023-07-31T21:26:49","guid":{"rendered":"https:\/\/rops-opole.pl\/?p=3250"},"modified":"2023-08-16T11:03:41","modified_gmt":"2023-08-16T09:03:41","slug":"zaproszenie-na-spotkanie-edukacyjno-szkoleniowe-polaczone-z-wizyta-w-mieszkaniach-wspomaganych-w-ramach-projektu-pn-w-poszukiwaniu-modelowych-rozwiazan","status":"publish","type":"post","link":"https:\/\/rops-opole.pl\/?p=3250","title":{"rendered":"Zaproszenie na spotkanie edukacyjno-szkoleniowe po\u0142\u0105czone z wizyt\u0105 w mieszkaniach wspomaganych w ramach projektu pn. \u201eW poszukiwaniu modelowych rozwi\u0105za\u0144\u201d"},"content":{"rendered":"\n<p data-wahfont=\"12\"><strong>Regionalny O\u015brodek Polityki Spo\u0142ecznej w Bia\u0142ymstoku, Lider projektu pn. <\/strong><strong>\u201eW poszukiwaniu modelowych rozwi\u0105za\u0144\u201d<\/strong>, realizowanego z Partnerami: Stowarzyszeniem Inicjatyw Spo\u0142eczno \u2013 Gospodarczych im. Kr\u00f3la Zygmunta Augusta w Augustowie oraz Polskim Stowarzyszeniem na rzecz Os\u00f3b z Niepe\u0142nosprawno\u015bci\u0105 Intelektualn\u0105 Ko\u0142o w Suwa\u0142kach, w ramach Programu Operacyjnego Wiedza Edukacja Rozw\u00f3j, wsp\u00f3\u0142finansowanego ze \u015brodk\u00f3w Europejskiego Funduszu Spo\u0142ecznego na lata 2014 \u2013 2020, O\u015b Priorytetowa II Efektywne polityki publiczne dla rynku pracy, gospodarki i edukacji, Dzia\u0142anie 2.8 Rozw\u00f3j us\u0142ug spo\u0142ecznych \u015bwiadczonych w \u015brodowisku lokalnym,<\/p>\n<p data-wahfont=\"12\"><strong>serdecznie zaprasza przedstawicieli jednostek samorz\u0105du terytorialnego i ich jednostek organizacyjnych oraz organizacji pozarz\u0105dowych, kt\u00f3re w zakresie swoich dzia\u0142a\u0144 zajmuj\u0105 si\u0119 wsparciem os\u00f3b z niepe\u0142nosprawno\u015bciami oraz s\u0105 zainteresowane mieszkalnictwem spo\u0142ecznym,<\/strong><\/p>\n<p data-wahfont=\"12\">do\u00a0udzia\u0142u w <strong>bezp\u0142atnym trzydniowym spotkaniu edukacyjno-szkoleniowym po\u0142\u0105czonym z wizyt\u0105 w mieszkaniach wspomaganych na terenie gmin wojew\u00f3dztwa podlaskiego<\/strong><\/p>\n<p data-wahfont=\"12\">w czterech terminach do wyboru:<\/p>\n<ul>\n<li>Termin 1:<strong> 22-24 sierpnia 2023 r.<\/strong><\/li>\n<li>Termin 2:<strong> 28-30 sierpnia 2023 r. <\/strong><\/li>\n<li>Termin 3:<strong> 12-14 wrze\u015bnia 2023 r. <\/strong><\/li>\n<li>Termin 4:<strong> 26-28 wrze\u015bnia 2023 r.<\/strong><\/li>\n<\/ul>\n<p><strong><u>JEST JESZCZE KILKA WOLNYCH MIEJSC!<\/u><\/strong><\/p>\n<p data-wahfont=\"12\">Trasa: <strong>Warszawa \u2013 Bia\u0142ystok \u2013 Lipniak \u2013 2 mieszkania wspomagane \u2013 Bia\u0142ystok \u2013 Warszawa<\/strong><\/p>\n<p data-wahfont=\"12\">Szczeg\u00f3\u0142y spotkania s\u0105 dost\u0119pne na stronie ROPS w Bia\u0142ymstoku <a href=\"https:\/\/www.rops-bialystok.pl\/rops\/?p=21402\" target=\"_blank\" rel=\"noopener noreferrer\" aria-label=\"https:\/\/www.rops-bialystok.pl\/rops\/?p=21402 (external, otworzy si\u0119 w nowym oknie)\" class=\"extlink target-blank use-tooltip\">https:\/\/www.rops-bialystok.pl\/rops\/?p=21402<svg aria-hidden=\"true\" class=\"icon-extlink\" viewbox=\"0 0 1792 1792\"><path d=\"M1408 928v320q0 119-84.5 203.5t-203.5 84.5h-832q-119 0-203.5-84.5t-84.5-203.5v-832q0-119 84.5-203.5t203.5-84.5h704q14 0 23 9t9 23v64q0 14-9 23t-23 9h-704q-66 0-113 47t-47 113v832q0 66 47 113t113 47h832q66 0 113-47t47-113v-320q0-14 9-23t23-9h64q14 0 23 9t9 23zm384-864v512q0 26-19 45t-45 19-45-19l-176-176-652 652q-10 10-23 10t-23-10l-114-114q-10-10-10-23t10-23l652-652-176-176q-19-19-19-45t19-45 45-19h512q26 0 45 19t19 45z\"><\/path><\/svg><svg aria-hidden=\"true\" class=\"icon-new-window\" viewbox=\"0 0 1792 1792\"><path d=\"M1408 960v-128q0-26-19-45t-45-19h-320v-320q0-26-19-45t-45-19h-128q-26 0-45 19t-19 45v320h-320q-26 0-45 19t-19 45v128q0 26 19 45t45 19h320v320q0 26 19 45t45 19h128q26 0 45-19t19-45v-320h320q26 0 45-19t19-45zm256-544v960q0 119-84.5 203.5t-203.5 84.5h-960q-119 0-203.5-84.5t-84.5-203.5v-960q0-119 84.5-203.5t203.5-84.5h960q119 0 203.5 84.5t84.5 203.5z\"><\/path><\/svg><span class=\"tooltip\">external, otworzy si\u0119 w nowym oknie<\/span><\/a><\/p>\n<p data-wahfont=\"12\">\u00a0<\/p>\n\n","protected":false},"excerpt":{"rendered":null,"protected":false},"author":1,"featured_media":3251,"comment_status":"closed","ping_status":"closed","sticky":false,"template":"","format":"standard","meta":{"footnotes":""},"categories":[19],"tags":[],"class_list":["post-3250","post","type-post","status-publish","format-standard","has-post-thumbnail","hentry","category-aktualnosci"],"_links":{"self":[{"href":"https:\/\/rops-opole.pl\/index.php?rest_route=\/wp\/v2\/posts\/3250","targetHints":{"allow":["GET"]}}],"collection":[{"href":"https:\/\/rops-opole.pl\/index.php?rest_route=\/wp\/v2\/posts"}],"about":[{"href":"https:\/\/rops-opole.pl\/index.php?rest_route=\/wp\/v2\/types\/post"}],"author":[{"embeddable":true,"href":"https:\/\/rops-opole.pl\/index.php?rest_route=\/wp\/v2\/users\/1"}],"replies":[{"embeddable":true,"href":"https:\/\/rops-opole.pl\/index.php?rest_route=%2Fwp%2Fv2%2Fcomments&post=3250"}],"version-history":[{"count":3,"href":"https:\/\/rops-opole.pl\/index.php?rest_route=\/wp\/v2\/posts\/3250\/revisions"}],"predecessor-version":[{"id":3286,"href":"https:\/\/rops-opole.pl\/index.php?rest_route=\/wp\/v2\/posts\/3250\/revisions\/3286"}],"wp:featuredmedia":[{"embeddable":true,"href":"https:\/\/rops-opole.pl\/index.php?rest_route=\/wp\/v2\/media\/3251"}],"wp:attachment":[{"href":"https:\/\/rops-opole.pl\/index.php?rest_route=%2Fwp%2Fv2%2Fmedia&parent=3250"}],"wp:term":[{"taxonomy":"category","embeddable":true,"href":"https:\/\/rops-opole.pl\/index.php?rest_route=%2Fwp%2Fv2%2Fcategories&post=3250"},{"taxonomy":"post_tag","embeddable":true,"href":"https:\/\/rops-opole.pl\/index.php?rest_route=%2Fwp%2Fv2%2Ftags&post=3250"}],"curies":[{"name":"wp","href":"https:\/\/api.w.org\/{rel}","templated":true}]}}