{"id":3239,"date":"2023-07-13T12:48:35","date_gmt":"2023-07-13T10:48:35","guid":{"rendered":"https:\/\/rops-opole.pl\/?p=3239"},"modified":"2023-08-16T11:05:06","modified_gmt":"2023-08-16T09:05:06","slug":"nagrody-opolska-niezapominajka-i-spolecznik-roku-wojewodztwa-opolskiego","status":"publish","type":"post","link":"https:\/\/rops-opole.pl\/?p=3239","title":{"rendered":"Nagrody Opolska Niezapominajka i Spo\u0142ecznik Roku Wojew\u00f3dztwa Opolskiego"},"content":{"rendered":"\n<p><strong>Opolska Niezapominajka<\/strong><\/p>\n<p>Marsza\u0142ek Wojew\u00f3dztwa Opolskiego og\u0142asza corocznie konkurs przyznania Tytu\u0142u \u201eOpolskiej Niezapominajki\u201d. Celem konkursu \u201eOpolska Niezapominajka\u201d jest uhonorowanie najlepszej organizacji pozarz\u0105dowej z siedzib\u0105 lub dzia\u0142aj\u0105c\u0105 na terenie wojew\u00f3dztwa opolskiego, promocja najlepszych pomys\u0142\u00f3w realizacji zada\u0144 publicznych przez organizacje pozarz\u0105dowe oraz wzmocnienie ich wizerunku. Zapraszamy do zapoznania si\u0119 z Regulaminem konkursowym oraz za\u0142\u0105cznikami do niego.<\/p>\n<p><strong>Spo\u0142ecznik Roku Wojew\u00f3dztwa Opolskiego<\/strong><\/p>\n<p>Celem konkursu \u201eSpo\u0142ecznik Roku Wojew\u00f3dztwa Opolskiego\u201d jest wyr\u00f3\u017cnienie osoby fizycznej dzia\u0142aj\u0105cej na rzecz dobra wsp\u00f3lnego oraz promuj\u0105cej postawy prospo\u0142eczne na obszarze wojew\u00f3dztwa opolskiego. Spo\u0142ecznik Roku zostanie wy\u0142oniony w\u015br\u00f3d aktywnych pe\u0142noletnich mieszka\u0144c\u00f3w wojew\u00f3dztwa opolskiego, podejmuj\u0105cych nieodp\u0142atnie dzia\u0142ania na rzecz innych os\u00f3b, swojego najbli\u017cszego otoczenia, kt\u00f3rzy swoim zaanga\u017cowaniem dzia\u0142aj\u0105 na rzecz zmiany, na kt\u00f3rej zyskuje \u015brodowisko lokalne, walcz\u0105 skutecznie z problemami spo\u0142ecznymi lub im zapobiegaj\u0105, podejmuj\u0105 inicjatyw\u0119 poprzez realizacj\u0119 oddolnych dzia\u0142a\u0144, akcji oraz przedsi\u0119wzi\u0119\u0107 spo\u0142ecznych na terenie wojew\u00f3dztwa opolskiego.<\/p>\n<p>\u00a0<\/p>\n<p>Szczeg\u00f3\u0142y dot. obu konkurs\u00f3w znajduj\u0105 si\u0119 na poni\u017cszej stronie:<\/p>\n<p><a href=\"https:\/\/www.opolskie.pl\/nagrody-opolska-niezapominajka-i-spolecznik-roku-wojewodztwa-opolskiego\/\" target=\"_blank\" rel=\"noopener noreferrer\" data-wplink-edit=\"true\" aria-label=\"https:\/\/www.opolskie.pl\/nagrody-opolska-niezapominajka-i-spolecznik-roku-wojewodztwa-opolskiego\/ (external, otworzy si\u0119 w nowym oknie)\" class=\"extlink target-blank use-tooltip\">https:\/\/www.opolskie.pl\/nagrody-opolska-niezapominajka-i-spolecznik-roku-wojewodztwa-opolskiego\/<svg aria-hidden=\"true\" class=\"icon-extlink\" viewbox=\"0 0 1792 1792\"><path d=\"M1408 928v320q0 119-84.5 203.5t-203.5 84.5h-832q-119 0-203.5-84.5t-84.5-203.5v-832q0-119 84.5-203.5t203.5-84.5h704q14 0 23 9t9 23v64q0 14-9 23t-23 9h-704q-66 0-113 47t-47 113v832q0 66 47 113t113 47h832q66 0 113-47t47-113v-320q0-14 9-23t23-9h64q14 0 23 9t9 23zm384-864v512q0 26-19 45t-45 19-45-19l-176-176-652 652q-10 10-23 10t-23-10l-114-114q-10-10-10-23t10-23l652-652-176-176q-19-19-19-45t19-45 45-19h512q26 0 45 19t19 45z\"><\/path><\/svg><svg aria-hidden=\"true\" class=\"icon-new-window\" viewbox=\"0 0 1792 1792\"><path d=\"M1408 960v-128q0-26-19-45t-45-19h-320v-320q0-26-19-45t-45-19h-128q-26 0-45 19t-19 45v320h-320q-26 0-45 19t-19 45v128q0 26 19 45t45 19h320v320q0 26 19 45t45 19h128q26 0 45-19t19-45v-320h320q26 0 45-19t19-45zm256-544v960q0 119-84.5 203.5t-203.5 84.5h-960q-119 0-203.5-84.5t-84.5-203.5v-960q0-119 84.5-203.5t203.5-84.5h960q119 0 203.5 84.5t84.5 203.5z\"><\/path><\/svg><span class=\"tooltip\">external, otworzy si\u0119 w nowym oknie<\/span><\/a><\/p>\n\n","protected":false},"excerpt":{"rendered":null,"protected":false},"author":1,"featured_media":2717,"comment_status":"closed","ping_status":"closed","sticky":false,"template":"","format":"standard","meta":{"footnotes":""},"categories":[19],"tags":[],"class_list":["post-3239","post","type-post","status-publish","format-standard","has-post-thumbnail","hentry","category-aktualnosci"],"_links":{"self":[{"href":"https:\/\/rops-opole.pl\/index.php?rest_route=\/wp\/v2\/posts\/3239","targetHints":{"allow":["GET"]}}],"collection":[{"href":"https:\/\/rops-opole.pl\/index.php?rest_route=\/wp\/v2\/posts"}],"about":[{"href":"https:\/\/rops-opole.pl\/index.php?rest_route=\/wp\/v2\/types\/post"}],"author":[{"embeddable":true,"href":"https:\/\/rops-opole.pl\/index.php?rest_route=\/wp\/v2\/users\/1"}],"replies":[{"embeddable":true,"href":"https:\/\/rops-opole.pl\/index.php?rest_route=%2Fwp%2Fv2%2Fcomments&post=3239"}],"version-history":[{"count":4,"href":"https:\/\/rops-opole.pl\/index.php?rest_route=\/wp\/v2\/posts\/3239\/revisions"}],"predecessor-version":[{"id":3289,"href":"https:\/\/rops-opole.pl\/index.php?rest_route=\/wp\/v2\/posts\/3239\/revisions\/3289"}],"wp:featuredmedia":[{"embeddable":true,"href":"https:\/\/rops-opole.pl\/index.php?rest_route=\/wp\/v2\/media\/2717"}],"wp:attachment":[{"href":"https:\/\/rops-opole.pl\/index.php?rest_route=%2Fwp%2Fv2%2Fmedia&parent=3239"}],"wp:term":[{"taxonomy":"category","embeddable":true,"href":"https:\/\/rops-opole.pl\/index.php?rest_route=%2Fwp%2Fv2%2Fcategories&post=3239"},{"taxonomy":"post_tag","embeddable":true,"href":"https:\/\/rops-opole.pl\/index.php?rest_route=%2Fwp%2Fv2%2Ftags&post=3239"}],"curies":[{"name":"wp","href":"https:\/\/api.w.org\/{rel}","templated":true}]}}