{"id":3103,"date":"2023-04-13T23:09:13","date_gmt":"2023-04-13T21:09:13","guid":{"rendered":"https:\/\/rops-opole.pl\/?p=3103"},"modified":"2024-04-26T13:52:55","modified_gmt":"2024-04-26T11:52:55","slug":"uwaga-rekrutacja-na-szkolenia-dla-pracownikow-centrum-uslug-spolecznych-modul-iii-organizacja-spolecznosci-lokalnej-2","status":"publish","type":"post","link":"https:\/\/rops-opole.pl\/?p=3103","title":{"rendered":"UWAGA! Rekrutacja na szkolenia dla pracownik\u00f3w centrum us\u0142ug spo\u0142ecznych: modu\u0142 III \u2013 organizacja spo\u0142eczno\u015bci lokalnej"},"content":{"rendered":"\n<p>Informujemy, \u017ce Regionalny O\u015brodek Polityki Spo\u0142ecznej w Opolu, rozpoczyna rekrutacj\u0119 na szkolenia dedykowane pracownikom centrum us\u0142ug spo\u0142ecznych z zakresu <strong>organizacji spo\u0142eczno\u015bci lokalnej <\/strong>organizowanych w ramach projektu mi\u0119dzywojew\u00f3dzkiego Kooperacje 3D \u2013 model wielosektorowej wsp\u00f3\u0142pracy na rzecz wsparcia os\u00f3b i rodzin (wsp\u00f3\u0142finansowanego ze \u015brodk\u00f3w UE w ramach PO WER2014-2020).<\/p>\n<p>Program szkolenia, jak r\u00f3wnie\u017c kwalifikacje kadry dydaktycznej zgodne s\u0105 z wymogami zawartymi w Rozporz\u0105dzeniu Rady Ministr\u00f3w z dnia 30 marca 2020 r. w sprawie szkole\u0144 dla pracownik\u00f3w centrum us\u0142ug spo\u0142ecznych (Dz. U. 2020 r. Poz. 664) :<\/p>\n<p>1)\u00a0 centrum us\u0142ug spo\u0142ecznych jako podmiot lokalnej polityki spo\u0142ecznej\u00a0 \u2013 przepisy prawne reguluj\u0105ce powo\u0142ywanie, organizacj\u0119 i funkcjonowanie centrum \u2013 5 godzin;<\/p>\n<p>2)\u00a0 animacja i aktywizacja spo\u0142eczno\u015bci lokalnej oraz praca \u015brodowiskowa \u2013 aspekty praktyczne \u2013 5 godzin;<\/p>\n<p>3)\u00a0 metody rozeznawania potrzeb i potencja\u0142u wsp\u00f3lnoty samorz\u0105dowej w zakresie dzia\u0142a\u0144 wspieraj\u0105cych \u2013 5 godzin;<\/p>\n<p>4)\u00a0 kompetencje, zadania i funkcje organizatora spo\u0142eczno\u015bci lokalnej jako planisty, organizatora sieci spo\u0142ecznych oraz animatora lokalnego \u2013 7 godzin;<\/p>\n<p>5)\u00a0 planowanie rozwoju spo\u0142eczno\u015bci lokalnej, w tym opracowywanie i aktualizacja planu organizowania spo\u0142eczno\u015bci lokalnej \u2013 8 godzin;<\/p>\n<p>6)\u00a0 metodyka pracy ze spo\u0142eczno\u015bci\u0105 lokaln\u0105, z uwzgl\u0119dnieniem wolontariatu, samopomocy, wsparcia s\u0105siedzkiego oraz wsp\u00f3\u0142pracy z podmiotami prowadz\u0105cymi na obszarze dzia\u0142ania centrum us\u0142ug spo\u0142ecznych animacj\u0119 lokaln\u0105 lub inne formy pracy \u015brodowiskowej \u2013 10 godzin;<\/p>\n<p>7)\u00a0 do\u015bwiadczenia o\u015brodk\u00f3w pomocy spo\u0142ecznej w pracy ze spo\u0142eczno\u015bci\u0105 lokaln\u0105 \u2013 5 godzin;<\/p>\n<p>8)\u00a0 gromadzenie informacji o dost\u0119pnych dla mieszka\u0144c\u00f3w dzia\u0142aniach wspieraj\u0105cych \u2013 aspekty techniczne \u2013 5 godzin;<\/p>\n<p>9) zarz\u0105dzanie us\u0142ugami spo\u0142ecznymi w kontek\u015bcie wielokulturowo\u015bci, psychologiczne uwarunkowania zwi\u0105zane z do\u015bwiadczeniem migracyjnym \u2013 4 godziny;<\/p>\n<p>10)\u00a0 rola organizacji pozarz\u0105dowych w kszta\u0142towaniu lokalnego rynku us\u0142ug spo\u0142ecznych oraz zasady wsp\u00f3\u0142pracy z partnerami spo\u0142ecznymi \u2013 3 godziny.<\/p>\n<ul>\n<li><strong>Do zada\u0144 organizatora spo\u0142eczno\u015bci lokalnej nale\u017cy w szczeg\u00f3lno\u015bci:<\/strong><\/li>\n<\/ul>\n<p>1) prowadzenie na bie\u017c\u0105co rozeznania:<\/p>\n<ol>\n<li>a) potrzeb wsp\u00f3lnoty samorz\u0105dowej w zakresie dzia\u0142a\u0144 wspieraj\u0105cych,<\/li>\n<li>b) potencja\u0142u wsp\u00f3lnoty samorz\u0105dowej w zakresie dzia\u0142a\u0144 wspieraj\u0105cych;<\/li>\n<\/ol>\n<p>2) opracowywanie, w oparciu o wnioski wynikaj\u0105ce z rozeznania potrzeb i potencja\u0142u wsp\u00f3lnoty samorz\u0105dowej w zakresie dzia\u0142a\u0144 wspieraj\u0105cych, planu organizowania spo\u0142eczno\u015bci lokalnej i jego aktualizacji oraz realizacja tego planu;<\/p>\n<p>3) podejmowanie dzia\u0142a\u0144 w celu aktywizacji wsp\u00f3lnoty samorz\u0105dowej, w szczeg\u00f3lno\u015bci organizowanie dzia\u0142a\u0144 wspieraj\u0105cych;<\/p>\n<p>4) inicjowanie dzia\u0142a\u0144 zmierzaj\u0105cych do wzmocnienia wi\u0119zi spo\u0142ecznych i integracji wsp\u00f3lnoty samorz\u0105dowej;<\/p>\n<p>5) wsp\u00f3\u0142praca z podmiotami prowadz\u0105cymi na obszarze dzia\u0142ania centrum animacj\u0119 lokaln\u0105 lub inne formy pracy \u015brodowiskowej<\/p>\n<ul>\n<li><strong>Warto zaznaczy\u0107, \u017ce organizatorem spo\u0142eczno\u015bci lokalnej mo\u017ce by\u0107 osoba, kt\u00f3ra zgodnie z art.33 ustawy z dnia 19 lipca 2019 r. o realizowaniu us\u0142ug spo\u0142ecznych przez centrum us\u0142ug spo\u0142ecznych:<\/strong><\/li>\n<\/ul>\n<p>1) posiada wykszta\u0142cenie wy\u017csze;<\/p>\n<p>2) ma co najmniej 2-letnie do\u015bwiadczenie w zakresie prowadzenia animacji lokalnej lub innych form pracy \u015brodowiskowej, w tym pracy ze spo\u0142eczno\u015bci\u0105 lokaln\u0105;<\/p>\n<p>3) uzyska\u0142a II stopie\u0144 specjalizacji w zawodzie pracownik socjalny w zakresie specjalno\u015bci praca socjalna\u00a0 ze spo\u0142eczno\u015bci\u0105 lokaln\u0105 lub <strong>odby\u0142a szkolenie z zakresu organizacji spo\u0142eczno\u015bci lokalnej;<\/strong><\/p>\n<p>4) nie by\u0142a prawomocnie skazana za umy\u015blne przest\u0119pstwo \u015bcigane z oskar\u017cenia publicznego lub umy\u015blne przest\u0119pstwo skarbowe lub wobec kt\u00f3rej nie wydano prawomocnego wyroku warunkowo umarzaj\u0105cego post\u0119powanie karne w sprawie pope\u0142nienia przest\u0119pstwa umy\u015blnego \u015bciganego z oskar\u017cenia publicznego lub umy\u015blnego przest\u0119pstwa skarbowego.<\/p>\n<ul>\n<li><strong>Szkolenia prowadzone b\u0119d\u0105 w\u00a0formie stacjonarnej, w formule czterech 2-dniowych zjazd\u00f3w:<\/strong><\/li>\n<\/ul>\n<p>I zjazd \u2013 24-25 kwietnia;<\/p>\n<p>II zjazd \u2013 9-10 maja;<\/p>\n<p>III zjazd \u2013 22-23 maja;<\/p>\n<p>IV zjazd \u2013 20-21 czerwca.<\/p>\n<p><strong>Wszystkie szkolenia odbywa\u0107 si\u0119 b\u0119d\u0105 w hotelu Mercure w Opolu.<\/strong><\/p>\n<p>Szkolenie jest bezp\u0142atne, a warunkiem udzia\u0142u w nim jest zapoznanie si\u0119 z Regulaminem, a tak\u017ce wype\u0142nienie FORMULARZA ZG\u0141OSZENIOWEGO oraz o\u015bwiadczenia RODO i przekazanie tych dokument\u00f3w do ROPS w Opolu do dnia <strong>17.04.2023 r.<\/strong> w wersji elektronicznej na adres: a.karlinska(at)rops-opole.pl (orygina\u0142y dokument\u00f3w mo\u017cna przekaza\u0107 w dniu rozpocz\u0119cia szkolenia).<\/p>\n<p>Wszelkie informacje dotycz\u0105ce szkolenia b\u0119d\u0105 przekazywane drog\u0105 elektroniczn\u0105 dlatego niezb\u0119dne jest uzupe\u0142nienie w formularzu zg\u0142oszeniowym <u>aktualnego adresu e-mail. <\/u><\/p>\n<p>Organizator zapewnia materia\u0142y szkoleniowe, ca\u0142odzienne wy\u017cywienie oraz nocleg (dla os\u00f3b spoza Opola).<\/p>\n<p>Ilo\u015b\u0107 miejsc jest ograniczona, przy czym ROPS w Opolu zastrzega, \u017ce pierwsze\u0144stwo udzia\u0142u b\u0119d\u0105 mieli pracownicy z gmin, kt\u00f3re zg\u0142osi\u0142y ch\u0119\u0107 utworzenia centrum, b\u0105d\u017a z gmin na terenie kt\u00f3rych centrum ju\u017c funkcjonuje.<\/p>\n<p><strong>W razie pyta\u0144 zapraszam do kontaktu pod nr tel.\u00a0<\/strong><strong>77 456 58 91 (p. Anna Karli\u0144ska)<\/strong><\/p>\n<ul>\n<li><a href=\"\/wp-content\/uploads\/aktualnosci\/2023\/0013\/Rozporz%C4%85dzenie%20ws.%20szkole%C5%84%20CUS.pdf\" target=\"_blank\" rel=\"noopener\" class=\"target-blank use-tooltip\" aria-label=\"Rozporz\u0105dzenie ws. szkole\u0144 CUS.pdf ( dokument PDF, otworzy si\u0119 w nowym oknie)\">Rozporz\u0105dzenie ws. szkole\u0144 CUS.pdf<svg aria-hidden=\"true\" class=\"icon-pdf\" viewbox=\"0 0 1792 1792\"><path d=\"M1596 380q28 28 48 76t20 88v1152q0 40-28 68t-68 28h-1344q-40 0-68-28t-28-68v-1600q0-40 28-68t68-28h896q40 0 88 20t76 48zm-444-244v376h376q-10-29-22-41l-313-313q-12-12-41-22zm384 1528v-1024h-416q-40 0-68-28t-28-68v-416h-768v1536h1280zm-514-593q33 26 84 56 59-7 117-7 147 0 177 49 16 22 2 52 0 1-1 2l-2 2v1q-6 38-71 38-48 0-115-20t-130-53q-221 24-392 83-153 262-242 262-15 0-28-7l-24-12q-1-1-6-5-10-10-6-36 9-40 56-91.5t132-96.5q14-9 23 6 2 2 2 4 52-85 107-197 68-136 104-262-24-82-30.5-159.5t6.5-127.5q11-40 42-40h22q23 0 35 15 18 21 9 68-2 6-4 8 1 3 1 8v30q-2 123-14 192 55 164 146 238zm-576 411q52-24 137-158-51 40-87.5 84t-49.5 74zm398-920q-15 42-2 132 1-7 7-44 0-3 7-43 1-4 4-8-1-1-1-2t-.5-1.5-.5-1.5q-1-22-13-36 0 1-1 2v2zm-124 661q135-54 284-81-2-1-13-9.5t-16-13.5q-76-67-127-176-27 86-83 197-30 56-45 83zm646-16q-24-24-140-24 76 28 124 28 14 0 18-1 0-1-2-3z\"><\/path><\/svg><svg aria-hidden=\"true\" class=\"icon-new-window\" viewbox=\"0 0 1792 1792\"><path d=\"M1408 960v-128q0-26-19-45t-45-19h-320v-320q0-26-19-45t-45-19h-128q-26 0-45 19t-19 45v320h-320q-26 0-45 19t-19 45v128q0 26 19 45t45 19h320v320q0 26 19 45t45 19h128q26 0 45-19t19-45v-320h320q26 0 45-19t19-45zm256-544v960q0 119-84.5 203.5t-203.5 84.5h-960q-119 0-203.5-84.5t-84.5-203.5v-960q0-119 84.5-203.5t203.5-84.5h960q119 0 203.5 84.5t84.5 203.5z\"><\/path><\/svg><span class=\"tooltip\"> dokument PDF, otworzy si\u0119 w nowym oknie<\/span><\/a><\/li>\n<li><a href=\"\/wp-content\/uploads\/aktualnosci\/2023\/0013\/Regulamin%20uczestnictwa%20w%20formach%20wsparcia%20oraz%20innych%20dzia%C5%82aniach%20-%20Kooperacje%203D.docx\" target=\"_blank\" rel=\"noopener\" data-wplink-edit=\"true\" class=\"target-blank use-tooltip\" aria-label=\"Regulamin uczestnictwa w formach wsparcia oraz innych dzia\u0142aniach \u2013 Kooperacje 3D.docx ( dokument MS Word, otworzy si\u0119 w nowym oknie)\">Regulamin uczestnictwa w formach wsparcia oraz innych dzia\u0142aniach \u2013 Kooperacje 3D.docx<svg aria-hidden=\"true\" class=\"icon-word\" viewbox=\"0 0 1792 1792\"><path d=\"M1596 380q28 28 48 76t20 88v1152q0 40-28 68t-68 28h-1344q-40 0-68-28t-28-68v-1600q0-40 28-68t68-28h896q40 0 88 20t76 48zm-444-244v376h376q-10-29-22-41l-313-313q-12-12-41-22zm384 1528v-1024h-416q-40 0-68-28t-28-68v-416h-768v1536h1280zm-1175-896v107h70l164 661h159l128-485q7-20 10-46 2-16 2-24h4l3 24q1 3 3.5 20t5.5 26l128 485h159l164-661h70v-107h-300v107h90l-99 438q-5 20-7 46l-2 21h-4l-3-21q-1-5-4-21t-5-25l-144-545h-114l-144 545q-2 9-4.5 24.5t-3.5 21.5l-4 21h-4l-2-21q-2-26-7-46l-99-438h90v-107h-300z\"><\/path><\/svg><svg aria-hidden=\"true\" class=\"icon-new-window\" viewbox=\"0 0 1792 1792\"><path d=\"M1408 960v-128q0-26-19-45t-45-19h-320v-320q0-26-19-45t-45-19h-128q-26 0-45 19t-19 45v320h-320q-26 0-45 19t-19 45v128q0 26 19 45t45 19h320v320q0 26 19 45t45 19h128q26 0 45-19t19-45v-320h320q26 0 45-19t19-45zm256-544v960q0 119-84.5 203.5t-203.5 84.5h-960q-119 0-203.5-84.5t-84.5-203.5v-960q0-119 84.5-203.5t203.5-84.5h960q119 0 203.5 84.5t84.5 203.5z\"><\/path><\/svg><span class=\"tooltip\"> dokument MS Word, otworzy si\u0119 w nowym oknie<\/span><\/a><\/li>\n<li><a href=\"\/wp-content\/uploads\/aktualnosci\/2023\/0013\/Za%C5%82%C4%85cznik%201%20-%20O%C5%9Bwiadczenie%20RODO.docx\" target=\"_blank\" rel=\"noopener\" class=\"target-blank use-tooltip\" aria-label=\"Za\u0142\u0105cznik 1 \u2013 O\u015bwiadczenie RODO.docx ( dokument MS Word, otworzy si\u0119 w nowym oknie)\">Za\u0142\u0105cznik 1 \u2013 O\u015bwiadczenie RODO.docx<svg aria-hidden=\"true\" class=\"icon-word\" viewbox=\"0 0 1792 1792\"><path d=\"M1596 380q28 28 48 76t20 88v1152q0 40-28 68t-68 28h-1344q-40 0-68-28t-28-68v-1600q0-40 28-68t68-28h896q40 0 88 20t76 48zm-444-244v376h376q-10-29-22-41l-313-313q-12-12-41-22zm384 1528v-1024h-416q-40 0-68-28t-28-68v-416h-768v1536h1280zm-1175-896v107h70l164 661h159l128-485q7-20 10-46 2-16 2-24h4l3 24q1 3 3.5 20t5.5 26l128 485h159l164-661h70v-107h-300v107h90l-99 438q-5 20-7 46l-2 21h-4l-3-21q-1-5-4-21t-5-25l-144-545h-114l-144 545q-2 9-4.5 24.5t-3.5 21.5l-4 21h-4l-2-21q-2-26-7-46l-99-438h90v-107h-300z\"><\/path><\/svg><svg aria-hidden=\"true\" class=\"icon-new-window\" viewbox=\"0 0 1792 1792\"><path d=\"M1408 960v-128q0-26-19-45t-45-19h-320v-320q0-26-19-45t-45-19h-128q-26 0-45 19t-19 45v320h-320q-26 0-45 19t-19 45v128q0 26 19 45t45 19h320v320q0 26 19 45t45 19h128q26 0 45-19t19-45v-320h320q26 0 45-19t19-45zm256-544v960q0 119-84.5 203.5t-203.5 84.5h-960q-119 0-203.5-84.5t-84.5-203.5v-960q0-119 84.5-203.5t203.5-84.5h960q119 0 203.5 84.5t84.5 203.5z\"><\/path><\/svg><span class=\"tooltip\"> dokument MS Word, otworzy si\u0119 w nowym oknie<\/span><\/a><\/li>\n<li><a href=\"\/wp-content\/uploads\/aktualnosci\/2023\/0013\/Za%C5%82%C4%85cznik%202%20-%20Formularz%20zg%C5%82oszenia%20udzia%C5%82u%20w%20formach%20wsparcia%20-%20Kooperacja%203D.docx\" target=\"_blank\" rel=\"noopener\" class=\"target-blank use-tooltip\" aria-label=\"Za\u0142\u0105cznik 2 \u2013 Formularz zg\u0142oszenia udzia\u0142u w formach wsparcia \u2013 Kooperacja 3D.docx ( dokument MS Word, otworzy si\u0119 w nowym oknie)\">Za\u0142\u0105cznik 2 \u2013 Formularz zg\u0142oszenia udzia\u0142u w formach wsparcia \u2013 Kooperacja 3D.docx<svg aria-hidden=\"true\" class=\"icon-word\" viewbox=\"0 0 1792 1792\"><path d=\"M1596 380q28 28 48 76t20 88v1152q0 40-28 68t-68 28h-1344q-40 0-68-28t-28-68v-1600q0-40 28-68t68-28h896q40 0 88 20t76 48zm-444-244v376h376q-10-29-22-41l-313-313q-12-12-41-22zm384 1528v-1024h-416q-40 0-68-28t-28-68v-416h-768v1536h1280zm-1175-896v107h70l164 661h159l128-485q7-20 10-46 2-16 2-24h4l3 24q1 3 3.5 20t5.5 26l128 485h159l164-661h70v-107h-300v107h90l-99 438q-5 20-7 46l-2 21h-4l-3-21q-1-5-4-21t-5-25l-144-545h-114l-144 545q-2 9-4.5 24.5t-3.5 21.5l-4 21h-4l-2-21q-2-26-7-46l-99-438h90v-107h-300z\"><\/path><\/svg><svg aria-hidden=\"true\" class=\"icon-new-window\" viewbox=\"0 0 1792 1792\"><path d=\"M1408 960v-128q0-26-19-45t-45-19h-320v-320q0-26-19-45t-45-19h-128q-26 0-45 19t-19 45v320h-320q-26 0-45 19t-19 45v128q0 26 19 45t45 19h320v320q0 26 19 45t45 19h128q26 0 45-19t19-45v-320h320q26 0 45-19t19-45zm256-544v960q0 119-84.5 203.5t-203.5 84.5h-960q-119 0-203.5-84.5t-84.5-203.5v-960q0-119 84.5-203.5t203.5-84.5h960q119 0 203.5 84.5t84.5 203.5z\"><\/path><\/svg><span class=\"tooltip\"> dokument MS Word, otworzy si\u0119 w nowym oknie<\/span><\/a><\/li>\n<\/ul>\n<p>\u00a0<\/p>\n\n\n\n<figure class=\"wp-block-image size-full\"><img fetchpriority=\"high\" decoding=\"async\" width=\"3456\" height=\"1728\" src=\"https:\/\/rops-opole.pl\/wp-content\/uploads\/2023\/04\/Baner-1.png\" alt=\"Rekrutacja na szkolenie dla pracownik\u00f3w Centrum Us\u0142ug Spo\u0142ecznych - modu\u0142 III Organizacja Spo\u0142eczno\u015bci Lokalnej\" class=\"wp-image-3104\" srcset=\"https:\/\/rops-opole.pl\/wp-content\/uploads\/2023\/04\/Baner-1.png 3456w, https:\/\/rops-opole.pl\/wp-content\/uploads\/2023\/04\/Baner-1-1536x768.png 1536w, https:\/\/rops-opole.pl\/wp-content\/uploads\/2023\/04\/Baner-1-2048x1024.png 2048w, https:\/\/rops-opole.pl\/wp-content\/uploads\/2023\/04\/Baner-1-890x445.png 890w, https:\/\/rops-opole.pl\/wp-content\/uploads\/2023\/04\/Baner-1-268x134.png 268w\" sizes=\"(max-width: 3456px) 100vw, 3456px\"><\/figure>\n\n","protected":false},"excerpt":{"rendered":null,"protected":false},"author":1,"featured_media":3104,"comment_status":"closed","ping_status":"closed","sticky":false,"template":"","format":"standard","meta":{"footnotes":""},"categories":[19],"tags":[],"class_list":["post-3103","post","type-post","status-publish","format-standard","has-post-thumbnail","hentry","category-aktualnosci"],"_links":{"self":[{"href":"https:\/\/rops-opole.pl\/index.php?rest_route=\/wp\/v2\/posts\/3103","targetHints":{"allow":["GET"]}}],"collection":[{"href":"https:\/\/rops-opole.pl\/index.php?rest_route=\/wp\/v2\/posts"}],"about":[{"href":"https:\/\/rops-opole.pl\/index.php?rest_route=\/wp\/v2\/types\/post"}],"author":[{"embeddable":true,"href":"https:\/\/rops-opole.pl\/index.php?rest_route=\/wp\/v2\/users\/1"}],"replies":[{"embeddable":true,"href":"https:\/\/rops-opole.pl\/index.php?rest_route=%2Fwp%2Fv2%2Fcomments&post=3103"}],"version-history":[{"count":7,"href":"https:\/\/rops-opole.pl\/index.php?rest_route=\/wp\/v2\/posts\/3103\/revisions"}],"predecessor-version":[{"id":3930,"href":"https:\/\/rops-opole.pl\/index.php?rest_route=\/wp\/v2\/posts\/3103\/revisions\/3930"}],"wp:featuredmedia":[{"embeddable":true,"href":"https:\/\/rops-opole.pl\/index.php?rest_route=\/wp\/v2\/media\/3104"}],"wp:attachment":[{"href":"https:\/\/rops-opole.pl\/index.php?rest_route=%2Fwp%2Fv2%2Fmedia&parent=3103"}],"wp:term":[{"taxonomy":"category","embeddable":true,"href":"https:\/\/rops-opole.pl\/index.php?rest_route=%2Fwp%2Fv2%2Fcategories&post=3103"},{"taxonomy":"post_tag","embeddable":true,"href":"https:\/\/rops-opole.pl\/index.php?rest_route=%2Fwp%2Fv2%2Ftags&post=3103"}],"curies":[{"name":"wp","href":"https:\/\/api.w.org\/{rel}","templated":true}]}}